{"id":1668,"date":"2023-05-09T14:13:34","date_gmt":"2023-05-09T14:13:34","guid":{"rendered":"https:\/\/muzej.doc.ba\/uncategorized\/pazi-snajper\/"},"modified":"2023-10-30T11:06:25","modified_gmt":"2023-10-30T11:06:25","slug":"pazi-snajper","status":"publish","type":"post","link":"https:\/\/muzej.ba\/en\/pazi-snajper\/","title":{"rendered":"Watch out, Sniper!"},"content":{"rendered":"<div class=\"wpb-content-wrapper\"><p>[vc_row][vc_column]\t\t<div id=\"wd-645a54ec319de\" class=\"wd-image wd-wpb wd-rs-645a54ec319de text-left  photoswipe-images\">\n\t\t\t\t\t\t\t<a href=\"https:\/\/muzej.ba\/wp-content\/uploads\/2023\/05\/1-38.jpg\"  data-width=\"1024\" data-height=\"1041\">\n\t\t\t\n\t\t\t<img loading=\"lazy\" decoding=\"async\" width=\"800\" height=\"533\" src=\"https:\/\/muzej.ba\/wp-content\/uploads\/2023\/05\/1-38-800x533.jpg\" class=\"attachment-800x533 size-800x533\" alt=\"\" \/>\n\t\t\t\t\t\t\t<\/a>\n\t\t\t\t\t<\/div>\n\t\t\t\t<div id=\"wd-653f8e094e367\" class=\"wd-text-block wd-wpb reset-last-child wd-rs-653f8e094e367 text-left vc_custom_1698663952353\">\n\t\t\t<p><span style=\"font-weight: 400;\">The exhibition was created as a result of research conducted by Paul Low, a photographer who during the siege of Sarajevo made a significant contribution to documenting the war, and the History Museum of BiH, which has been studying the siege museologically for a decade. During 2022, the exhibition was on permanent display at the museum to commemorate 30 years since the beginning of the siege of Sarajevo. &#8220;Sniper Alley&#8221; is one of the infamous terms of the siege of Sarajevo during 1992-1995. The epicentre of the alley was in the immediate vicinity of the History Museum BiH. This exhibition historiographically and geographically deconstructs &#8220;Sniper Alley&#8221; through the wide ranging museological discourse: with a 3D model (Projekt V Arhitektura), reports from the International Criminal Tribunal for the former Yugoslavia, and eyewitness statements. Photographers Ron Haviv, Rikard Larma, Paul Lowe, Enric Marti, and Gervasio Sanchez that captured the scenes of the &#8220;Sniper Alley&#8221; through the lens are presented in the exhibition. The exhibition also includes a multimedia installation by Paul Lowe, and works of art from local and international artists (Adela Ju\u0161i\u0107, Vladimir Miladinovi\u0107, and Paul Coldwell).<\/span><\/p>\n\t\t<\/div>\n\t\t\t\t<div id=\"gallery_712\" class=\"wd-images-gallery wd-wpb wd-rs-645a54f8bebc5 photoswipe-images\" style=\"--wd-justify-content:center;--wd-align-items:center;\">\n\t\t\t\n\t\t\t<div class=\" wd-grid-g\" style=\"--wd-col-lg:3;--wd-col-md:3;--wd-col-sm:1;--wd-gap-lg:30px;--wd-gap-sm:10px;\">\n\t\t\t\t\n\t\t\t\t\t\t\t\t\t\t\t\t\t\t\t<div class=\"wd-gallery-item wd-col\">\n\t\t\t\t\t\t\t\t\t\t\t\t\t\t<a href=\"https:\/\/muzej.ba\/wp-content\/uploads\/2023\/05\/2-39.jpg\" data-elementor-open-lightbox=\"no\" data-index=\"1\" data-width=\"1024\" data-height=\"768\" \n\t\t\t\t\t\t\t\t\t\t\t\t \t\t\t\t\t\t\t\ttitle=\"2\">\n\t\t\t\t\t\t\t\t\n\t\t\t\t\t\t\t\t<img loading=\"lazy\" decoding=\"async\" width=\"500\" height=\"600\" src=\"https:\/\/muzej.ba\/wp-content\/uploads\/2023\/05\/2-39-500x600.jpg\" class=\"wd-gallery-image image-1\" alt=\"\" \/>\n\t\t\t\t\t\t\t\t\t\t\t\t\t\t\t<\/a>\n\t\t\t\t\t\t\t\t\t\t\t\t<\/div>\n\t\t\t\t\t\t\t\t\t\t\t<div class=\"wd-gallery-item wd-col\">\n\t\t\t\t\t\t\t\t\t\t\t\t\t\t<a href=\"https:\/\/muzej.ba\/wp-content\/uploads\/2023\/05\/3-26.jpg\" data-elementor-open-lightbox=\"no\" data-index=\"2\" data-width=\"1024\" data-height=\"768\" \n\t\t\t\t\t\t\t\t\t\t\t\t \t\t\t\t\t\t\t\ttitle=\"3\">\n\t\t\t\t\t\t\t\t\n\t\t\t\t\t\t\t\t<img loading=\"lazy\" decoding=\"async\" width=\"500\" height=\"600\" src=\"https:\/\/muzej.ba\/wp-content\/uploads\/2023\/05\/3-26-500x600.jpg\" class=\"wd-gallery-image image-2\" alt=\"\" \/>\n\t\t\t\t\t\t\t\t\t\t\t\t\t\t\t<\/a>\n\t\t\t\t\t\t\t\t\t\t\t\t<\/div>\n\t\t\t\t\t\t\t\t\t\t\t<div class=\"wd-gallery-item wd-col\">\n\t\t\t\t\t\t\t\t\t\t\t\t\t\t<a href=\"https:\/\/muzej.ba\/wp-content\/uploads\/2023\/05\/4-13.jpg\" data-elementor-open-lightbox=\"no\" data-index=\"3\" data-width=\"1024\" data-height=\"768\" \n\t\t\t\t\t\t\t\t\t\t\t\t \t\t\t\t\t\t\t\ttitle=\"4\">\n\t\t\t\t\t\t\t\t\n\t\t\t\t\t\t\t\t<img loading=\"lazy\" decoding=\"async\" width=\"500\" height=\"600\" src=\"https:\/\/muzej.ba\/wp-content\/uploads\/2023\/05\/4-13-500x600.jpg\" class=\"wd-gallery-image image-3\" alt=\"\" \/>\n\t\t\t\t\t\t\t\t\t\t\t\t\t\t\t<\/a>\n\t\t\t\t\t\t\t\t\t\t\t\t<\/div>\n\t\t\t\t\t\t\t\t\t\n\t\t\t\t\t\t\t<\/div>\n\n\t\t\t\t\t<\/div>\n\t\t\t\t<div id=\"wd-653f8e14c496d\" class=\"wd-text-block wd-wpb reset-last-child wd-rs-653f8e14c496d text-left vc_custom_1698663964941\">\n\t\t\t<p><span style=\"font-weight: 400;\">In 2022, the exhibition was hosted in Belgrade, premiering the composition <\/span><i><span style=\"font-weight: 400;\">SNIPER<\/span><\/i><span style=\"font-weight: 400;\"> by Vladimir Miladinovi\u0107, which is based on a ballistics report on sniper operations during the siege of Sarajevo and civilian victims of sniper attacks. On November 18, 1994, in &#8220;Sniper Alley&#8221; seven-year-old boy Nermin Divovi\u0107 was killed. Nermin\u2019s story is an immensely important part of the museum&#8217;s collection, but also of the exhibition <\/span><i><span style=\"font-weight: 400;\">Watch out, Sniper<\/span><\/i><span style=\"font-weight: 400;\">! The research and production of the exhibition was supported by a grant from the Balkan Investigative Reporting Network (BIRN). The presentation of the exhibition in Belgrade was made possible by the <\/span><span style=\"font-weight: 400;\">forumZFD<\/span><span style=\"font-weight: 400;\"> in cooperation with the <\/span><span style=\"font-weight: 400;\">Inicijativom mladih za ljudska prava (<\/span><span style=\"font-weight: 400;\">Youth Initiative for Human Rights) and End\u017eio Hab. The exhibition was supported by the University of the Arts London.<\/span><\/p>\n\t\t<\/div>\n\t\t\n\t\t<div id=\"wd-653f8e262ce65\" class=\"title-wrapper wd-wpb wd-set-mb reset-last-child  wd-rs-653f8e262ce65 wd-title-color-default wd-title-style-default text-left post_single_subtitle  wd-underline-colored\">\n\t\t\t\n\t\t\t<div class=\"liner-continer\">\n\t\t\t\t<h3 class=\"woodmart-title-container title  wd-font-weight- wd-fontsize-l\" >Exhibition curators<\/h3>\n\t\t\t\t\t\t\t<\/div>\n\t\t\t\n\t\t\t\n\t\t\t\n\t\t<\/div>\n\t\t\n\t\t\t\t<div id=\"wd-6461efd6d3ac3\" class=\"wd-text-block wd-wpb reset-last-child wd-rs-6461efd6d3ac3 text-left  museum_single_last_text\">\n\t\t\t<p><span style=\"font-weight: 400;\">Paul Lowe i Elma Hod\u017ei\u0107<\/span><\/p>\n\t\t<\/div>\n\t\t\t\t<div id=\"wd-6461efc4a5b52\" class=\"wd-text-block wd-wpb reset-last-child wd-rs-6461efc4a5b52 text-left  museum_post_nav\">\n\t\t\t<div class=\"wd-page-nav\"><div class=\"wd-page-nav-btn prev-btn\"><a href=\"https:\/\/muzej.ba\/en\/wake-up-europe-mobilizacije-podrske-i-solidarnosti-za-bosnu-i-hercegovinu-i-njene-gradane-tokom-rata-1992-1995\/\" rel=\"prev\"><span class=\"wd-label\">Starije<\/span><span class=\"wd-entities-title\">Wake Up Europe! &#8211; Mobilization of Support and Solidarity for Bosnia and Herzegovina and Its Citizens During the 1992-1995 War<\/span><span class=\"wd-page-nav-icon\"><\/span><\/a><\/div><a href=\"\" class=\"back-to-archive wd-tooltip category-link-wrapper-filip\" data-original-title=\"\" title=\"\">Povratak na kategorju<\/a><div class=\"wd-page-nav-btn next-btn\"><a href=\"https:\/\/muzej.ba\/en\/uzivo-iz-sarajeva-kako-su-strani-novinari-izvjestavali-o-opsadi\/\" rel=\"next\"><span class=\"wd-label\">Novije<\/span><span class=\"wd-entities-title\">Live from Sarajevo: How foreign journalists reported on the seige<\/span><span class=\"wd-page-nav-icon\"><\/span><\/a><\/div><\/div>\n\t\t<\/div>\n\t\t[\/vc_column][\/vc_row]<\/p>\n<\/div>","protected":false},"excerpt":{"rendered":"<p>[vc_row][vc_column][\/vc_column][\/vc_row]<\/p>\n","protected":false},"author":4,"featured_media":1392,"comment_status":"closed","ping_status":"open","sticky":false,"template":"","format":"standard","meta":{"footnotes":""},"categories":[35],"tags":[],"class_list":["post-1668","post","type-post","status-publish","format-standard","has-post-thumbnail","hentry","category-arhiv-izlozbi-en"],"_links":{"self":[{"href":"https:\/\/muzej.ba\/en\/wp-json\/wp\/v2\/posts\/1668","targetHints":{"allow":["GET"]}}],"collection":[{"href":"https:\/\/muzej.ba\/en\/wp-json\/wp\/v2\/posts"}],"about":[{"href":"https:\/\/muzej.ba\/en\/wp-json\/wp\/v2\/types\/post"}],"author":[{"embeddable":true,"href":"https:\/\/muzej.ba\/en\/wp-json\/wp\/v2\/users\/4"}],"replies":[{"embeddable":true,"href":"https:\/\/muzej.ba\/en\/wp-json\/wp\/v2\/comments?post=1668"}],"version-history":[{"count":2,"href":"https:\/\/muzej.ba\/en\/wp-json\/wp\/v2\/posts\/1668\/revisions"}],"predecessor-version":[{"id":1670,"href":"https:\/\/muzej.ba\/en\/wp-json\/wp\/v2\/posts\/1668\/revisions\/1670"}],"wp:featuredmedia":[{"embeddable":true,"href":"https:\/\/muzej.ba\/en\/wp-json\/wp\/v2\/media\/1392"}],"wp:attachment":[{"href":"https:\/\/muzej.ba\/en\/wp-json\/wp\/v2\/media?parent=1668"}],"wp:term":[{"taxonomy":"category","embeddable":true,"href":"https:\/\/muzej.ba\/en\/wp-json\/wp\/v2\/categories?post=1668"},{"taxonomy":"post_tag","embeddable":true,"href":"https:\/\/muzej.ba\/en\/wp-json\/wp\/v2\/tags?post=1668"}],"curies":[{"name":"wp","href":"https:\/\/api.w.org\/{rel}","templated":true}]}}