{"id":1671,"date":"2023-05-09T14:10:08","date_gmt":"2023-05-09T14:10:08","guid":{"rendered":"https:\/\/muzej.doc.ba\/uncategorized\/wake-up-europe-mobilizacije-podrske-i-solidarnosti-za-bosnu-i-hercegovinu-i-njene-gradane-tokom-rata-1992-1995\/"},"modified":"2023-10-30T11:08:48","modified_gmt":"2023-10-30T11:08:48","slug":"wake-up-europe-mobilizacije-podrske-i-solidarnosti-za-bosnu-i-hercegovinu-i-njene-gradane-tokom-rata-1992-1995","status":"publish","type":"post","link":"https:\/\/muzej.ba\/en\/wake-up-europe-mobilizacije-podrske-i-solidarnosti-za-bosnu-i-hercegovinu-i-njene-gradane-tokom-rata-1992-1995\/","title":{"rendered":"Wake Up Europe! &#8211; Mobilization of Support and Solidarity for Bosnia and Herzegovina and Its Citizens During the 1992-1995 War"},"content":{"rendered":"<div class=\"wpb-content-wrapper\"><p>[vc_row][vc_column]\t\t<div id=\"wd-645a541c87b54\" class=\"wd-image wd-wpb wd-rs-645a541c87b54 text-left  photoswipe-images\">\n\t\t\t\t\t\t\t<a href=\"https:\/\/muzej.ba\/wp-content\/uploads\/2023\/05\/wake-up-1.jpg\"  data-width=\"1024\" data-height=\"682\">\n\t\t\t\n\t\t\t<img loading=\"lazy\" decoding=\"async\" width=\"800\" height=\"533\" src=\"https:\/\/muzej.ba\/wp-content\/uploads\/2023\/05\/wake-up-1-800x533.jpg\" class=\"attachment-800x533 size-800x533\" alt=\"\" \/>\n\t\t\t\t\t\t\t<\/a>\n\t\t\t\t\t<\/div>\n\t\t\t\t<div id=\"wd-653f8e997809f\" class=\"wd-text-block wd-wpb reset-last-child wd-rs-653f8e997809f text-left vc_custom_1698664096829\">\n\t\t\t<p><span style=\"font-weight: 400;\">In October 2021, the History Museum of Bosnia and Herzegovina presented the exhibition <\/span><i><span style=\"font-weight: 400;\">Wake up Europe! Mobilization of Support and Solidarity for Bosnia and Herzegovina and its Citizens During the 1992-1995 War<\/span><\/i><span style=\"font-weight: 400;\">. While for most people in Europe the war in Bosnia and Herzegovina was just a media event, at the same time, thousands of individuals decided that they did not want to remain mere observers. Solidarity support and mobilization took different forms and was not limited to professional aid organizations. Mobilisations included ordinary citizens, informal groups, non-governmental organizations, cities, and artists. Solidarity and support was shown through help offered to Bosnian refugees who arrived in other European countries, the collection and transportation of food, medicines and equipment to Sarajevo and other parts of BiH, and\/or organization of demonstrations, meetings, information campaigns with the aim of mobilizing fellow citizens and exerting pressure on their own governments to change their policy towards Bosnia and Herzegovina. These initiatives were a heterogeneous mobilization, a combination of humanitarian and civic engagement, often in close interaction with those in Sarajevo and BiH, who were involved in the civic, cultural, and intellectual defence of the Bosnian way of life. The aim of the exhibition is to provide a historical overview of these mobilizations in Europe, which are a lesser-known aspect of the war in Bosnia and Herzegovina. Various types of initiatives are presented in the exhibition, which are illustrated through concrete examples. In addition, the exhibition intends to encourage reflection on the most pressing question of the time: What do we mean by solidarity? Are we doing enough to show solidarity with others?<\/span><\/p>\n\t\t<\/div>\n\t\t\t\t<div id=\"gallery_452\" class=\"wd-images-gallery wd-wpb wd-rs-645a542a06a11 photoswipe-images\" style=\"--wd-justify-content:center;--wd-align-items:center;\">\n\t\t\t\n\t\t\t<div class=\" wd-grid-g\" style=\"--wd-col-lg:2;--wd-col-md:2;--wd-col-sm:1;--wd-gap-lg:30px;--wd-gap-sm:10px;\">\n\t\t\t\t\n\t\t\t\t\t\t\t\t\t\t\t\t\t\t\t<div class=\"wd-gallery-item wd-col\">\n\t\t\t\t\t\t\t\t\t\t\t\t\t\t<a href=\"https:\/\/muzej.ba\/wp-content\/uploads\/2023\/05\/wake-up-2.jpg\" data-elementor-open-lightbox=\"no\" data-index=\"1\" data-width=\"1024\" data-height=\"683\" \n\t\t\t\t\t\t\t\t\t\t\t\t \t\t\t\t\t\t\t\ttitle=\"wake up 2\">\n\t\t\t\t\t\t\t\t\n\t\t\t\t\t\t\t\t<img loading=\"lazy\" decoding=\"async\" width=\"500\" height=\"600\" src=\"https:\/\/muzej.ba\/wp-content\/uploads\/2023\/05\/wake-up-2-500x600.jpg\" class=\"wd-gallery-image image-1\" alt=\"\" \/>\n\t\t\t\t\t\t\t\t\t\t\t\t\t\t\t<\/a>\n\t\t\t\t\t\t\t\t\t\t\t\t<\/div>\n\t\t\t\t\t\t\t\t\t\t\t<div class=\"wd-gallery-item wd-col\">\n\t\t\t\t\t\t\t\t\t\t\t\t\t\t<a href=\"https:\/\/muzej.ba\/wp-content\/uploads\/2023\/05\/wake-up-3.jpg\" data-elementor-open-lightbox=\"no\" data-index=\"2\" data-width=\"1024\" data-height=\"1538\" \n\t\t\t\t\t\t\t\t\t\t\t\t \t\t\t\t\t\t\t\ttitle=\"wake up 3\">\n\t\t\t\t\t\t\t\t\n\t\t\t\t\t\t\t\t<img loading=\"lazy\" decoding=\"async\" width=\"500\" height=\"600\" src=\"https:\/\/muzej.ba\/wp-content\/uploads\/2023\/05\/wake-up-3-500x600.jpg\" class=\"wd-gallery-image image-2\" alt=\"\" \/>\n\t\t\t\t\t\t\t\t\t\t\t\t\t\t\t<\/a>\n\t\t\t\t\t\t\t\t\t\t\t\t<\/div>\n\t\t\t\t\t\t\t\t\t\n\t\t\t\t\t\t\t<\/div>\n\n\t\t\t\t\t<\/div>\n\t\t\t\t<div id=\"wd-653f8ea471eff\" class=\"wd-text-block wd-wpb reset-last-child wd-rs-653f8ea471eff text-left vc_custom_1698664107779\">\n\t\t\t<p><span style=\"font-weight: 400;\">The exhibition is a collaborative project carried out by the History Museum of Bosnia and Herzegovina and Memory Lab, supported by the Goethe Institute Bosnia and Herzegovina and the French Institute Bosnia and Herzegovina, and realised as part of the Franco-German Cultural Fund. The exhibition was presented in Barcelona, Berlin and Strasbourg.<\/span><\/p>\n\t\t<\/div>\n\t\t\n\t\t<div id=\"wd-653f8ea9461f7\" class=\"title-wrapper wd-wpb wd-set-mb reset-last-child  wd-rs-653f8ea9461f7 wd-title-color-default wd-title-style-default text-left post_single_subtitle  wd-underline-colored\">\n\t\t\t\n\t\t\t<div class=\"liner-continer\">\n\t\t\t\t<h3 class=\"woodmart-title-container title  wd-font-weight- wd-fontsize-l\" >Exhibition authors<\/h3>\n\t\t\t\t\t\t\t<\/div>\n\t\t\t\n\t\t\t\n\t\t\t\n\t\t<\/div>\n\t\t\n\t\t\t\t<div id=\"wd-645a53c299989\" class=\"wd-text-block wd-wpb reset-last-child wd-rs-645a53c299989 text-left \">\n\t\t\t<p><span style=\"font-weight: 400;\">Nicolas Moll, Dina Memi\u0107 i Elma Ha\u0161imbegovi\u0107<\/span><\/p>\n\t\t<\/div>\n\t\t\n\t\t<div id=\"wd-653f8eb35de4a\" class=\"title-wrapper wd-wpb wd-set-mb reset-last-child  wd-rs-653f8eb35de4a wd-title-color-default wd-title-style-default text-left post_single_subtitle  wd-underline-colored\">\n\t\t\t\n\t\t\t<div class=\"liner-continer\">\n\t\t\t\t<h3 class=\"woodmart-title-container title  wd-font-weight- wd-fontsize-l\" >Design<\/h3>\n\t\t\t\t\t\t\t<\/div>\n\t\t\t\n\t\t\t\n\t\t\t\n\t\t<\/div>\n\t\t\n\t\t\t\t<div id=\"wd-6461efae5f061\" class=\"wd-text-block wd-wpb reset-last-child wd-rs-6461efae5f061 text-left  museum_single_last_text\">\n\t\t\t<p><span style=\"font-weight: 400;\">Samina Tanovi\u0107<\/span><\/p>\n\t\t<\/div>\n\t\t\t\t<div id=\"wd-6461efa4859a9\" class=\"wd-text-block wd-wpb reset-last-child wd-rs-6461efa4859a9 text-left  museum_post_nav\">\n\t\t\t<div class=\"wd-page-nav\"><div class=\"wd-page-nav-btn prev-btn\"><a href=\"https:\/\/muzej.ba\/en\/svakoga-dana-u-svakom-pogledu-sve-vise-napredujemo-bosanskohercegovacka-kinematografija-od-1947-do-1992-godine\/\" rel=\"prev\"><span class=\"wd-label\">Starije<\/span><span class=\"wd-entities-title\">Every Day in Every Aspect I Am\/We Are Progressing More and More: Bosnian and Herzegovinian Cinematography from 1947 to 1992<\/span><span class=\"wd-page-nav-icon\"><\/span><\/a><\/div><a href=\"\" class=\"back-to-archive wd-tooltip category-link-wrapper-filip\" data-original-title=\"\" title=\"\">Povratak na kategorju<\/a><div class=\"wd-page-nav-btn next-btn\"><a href=\"https:\/\/muzej.ba\/en\/pazi-snajper\/\" rel=\"next\"><span class=\"wd-label\">Novije<\/span><span class=\"wd-entities-title\">Watch out, Sniper!<\/span><span class=\"wd-page-nav-icon\"><\/span><\/a><\/div><\/div>\n\t\t<\/div>\n\t\t[\/vc_column][\/vc_row]<\/p>\n<\/div>","protected":false},"excerpt":{"rendered":"<p>[vc_row][vc_column][\/vc_column][\/vc_row]<\/p>\n","protected":false},"author":4,"featured_media":1389,"comment_status":"closed","ping_status":"open","sticky":false,"template":"","format":"standard","meta":{"footnotes":""},"categories":[35],"tags":[],"class_list":["post-1671","post","type-post","status-publish","format-standard","has-post-thumbnail","hentry","category-arhiv-izlozbi-en"],"_links":{"self":[{"href":"https:\/\/muzej.ba\/en\/wp-json\/wp\/v2\/posts\/1671","targetHints":{"allow":["GET"]}}],"collection":[{"href":"https:\/\/muzej.ba\/en\/wp-json\/wp\/v2\/posts"}],"about":[{"href":"https:\/\/muzej.ba\/en\/wp-json\/wp\/v2\/types\/post"}],"author":[{"embeddable":true,"href":"https:\/\/muzej.ba\/en\/wp-json\/wp\/v2\/users\/4"}],"replies":[{"embeddable":true,"href":"https:\/\/muzej.ba\/en\/wp-json\/wp\/v2\/comments?post=1671"}],"version-history":[{"count":2,"href":"https:\/\/muzej.ba\/en\/wp-json\/wp\/v2\/posts\/1671\/revisions"}],"predecessor-version":[{"id":1674,"href":"https:\/\/muzej.ba\/en\/wp-json\/wp\/v2\/posts\/1671\/revisions\/1674"}],"wp:featuredmedia":[{"embeddable":true,"href":"https:\/\/muzej.ba\/en\/wp-json\/wp\/v2\/media\/1389"}],"wp:attachment":[{"href":"https:\/\/muzej.ba\/en\/wp-json\/wp\/v2\/media?parent=1671"}],"wp:term":[{"taxonomy":"category","embeddable":true,"href":"https:\/\/muzej.ba\/en\/wp-json\/wp\/v2\/categories?post=1671"},{"taxonomy":"post_tag","embeddable":true,"href":"https:\/\/muzej.ba\/en\/wp-json\/wp\/v2\/tags?post=1671"}],"curies":[{"name":"wp","href":"https:\/\/api.w.org\/{rel}","templated":true}]}}