{"id":1675,"date":"2023-05-09T13:59:24","date_gmt":"2023-05-09T13:59:24","guid":{"rendered":"https:\/\/muzej.doc.ba\/uncategorized\/svakoga-dana-u-svakom-pogledu-sve-vise-napredujemo-bosanskohercegovacka-kinematografija-od-1947-do-1992-godine\/"},"modified":"2023-10-30T11:10:18","modified_gmt":"2023-10-30T11:10:18","slug":"svakoga-dana-u-svakom-pogledu-sve-vise-napredujemo-bosanskohercegovacka-kinematografija-od-1947-do-1992-godine","status":"publish","type":"post","link":"https:\/\/muzej.ba\/en\/svakoga-dana-u-svakom-pogledu-sve-vise-napredujemo-bosanskohercegovacka-kinematografija-od-1947-do-1992-godine\/","title":{"rendered":"Every Day in Every Aspect I Am\/We Are Progressing More and More: Bosnian and Herzegovinian Cinematography from 1947 to 1992"},"content":{"rendered":"<div class=\"wpb-content-wrapper\"><p>[vc_row][vc_column]\t\t<div id=\"wd-645a519697440\" class=\"wd-image wd-wpb wd-rs-645a519697440 text-left  photoswipe-images\">\n\t\t\t\t\t\t\t<a href=\"https:\/\/muzej.ba\/wp-content\/uploads\/2023\/05\/1-37.jpg\"  data-width=\"1024\" data-height=\"768\">\n\t\t\t\n\t\t\t<img loading=\"lazy\" decoding=\"async\" width=\"800\" height=\"533\" src=\"https:\/\/muzej.ba\/wp-content\/uploads\/2023\/05\/1-37-800x533.jpg\" class=\"attachment-800x533 size-800x533\" alt=\"\" \/>\n\t\t\t\t\t\t\t<\/a>\n\t\t\t\t\t<\/div>\n\t\t\t\t<div id=\"wd-653f8ef2b0e23\" class=\"wd-text-block wd-wpb reset-last-child wd-rs-653f8ef2b0e23 text-left vc_custom_1698664186014\">\n\t\t\t<p><span style=\"font-weight: 400;\">This exhibition arose out of the desire to draw attention to the rich film heritage of Bosnia and Herzegovina, which is simultaneously present and unknown in popular culture. The exhibition seeks to unravel the film reels of Bosnia and Herzegovina, to present the filmmakers and workers of Bosnia and Herzegovina through history and to stimulate reflection on the complexity and challenges of filmmaking &#8211; showing the world and life of film from &#8220;behind the scenes&#8221;. The bedrock of the exhibition is the heritage of three production companies: <\/span><i><span style=\"font-weight: 400;\">Bosna Film<\/span><\/i><span style=\"font-weight: 400;\">, <\/span><i><span style=\"font-weight: 400;\">Studio Film<\/span><\/i><span style=\"font-weight: 400;\"> and <\/span><i><span style=\"font-weight: 400;\">Sutjeska Film<\/span><\/i><span style=\"font-weight: 400;\">. Chronologically, the exhibition covers the beginnings of organized film production in Bosnia and Herzegovina in 1947 with the establishment of the first production company<\/span><i><span style=\"font-weight: 400;\"> Bosna Film<\/span><\/i><span style=\"font-weight: 400;\">, the transformations in the organization of film production that lead to the establishment of <\/span><i><span style=\"font-weight: 400;\">Studio<\/span><\/i><span style=\"font-weight: 400;\"> and <\/span><i><span style=\"font-weight: 400;\">Sutjeska Film<\/span><\/i><span style=\"font-weight: 400;\">, until the 1990s and the beginning of the 1992-1995 war.<\/span><\/p>\n\t\t<\/div>\n\t\t\t\t<div id=\"gallery_724\" class=\"wd-images-gallery wd-wpb wd-rs-645a51ac7ed8c photoswipe-images\" style=\"--wd-justify-content:center;--wd-align-items:center;\">\n\t\t\t\n\t\t\t<div class=\" wd-grid-g\" style=\"--wd-col-lg:2;--wd-col-md:2;--wd-col-sm:1;--wd-gap-lg:30px;--wd-gap-sm:10px;\">\n\t\t\t\t\n\t\t\t\t\t\t\t\t\t\t\t\t\t\t\t<div class=\"wd-gallery-item wd-col\">\n\t\t\t\t\t\t\t\t\t\t\t\t\t\t<a href=\"https:\/\/muzej.ba\/wp-content\/uploads\/2023\/05\/2-38.jpg\" data-elementor-open-lightbox=\"no\" data-index=\"1\" data-width=\"1024\" data-height=\"485\" \n\t\t\t\t\t\t\t\t\t\t\t\t \t\t\t\t\t\t\t\ttitle=\"2\">\n\t\t\t\t\t\t\t\t\n\t\t\t\t\t\t\t\t<img loading=\"lazy\" decoding=\"async\" width=\"500\" height=\"237\" src=\"https:\/\/muzej.ba\/wp-content\/uploads\/2023\/05\/2-38.jpg\" class=\"wd-gallery-image image-1\" alt=\"\" srcset=\"https:\/\/muzej.ba\/wp-content\/uploads\/2023\/05\/2-38.jpg 1024w, https:\/\/muzej.ba\/wp-content\/uploads\/2023\/05\/2-38-150x71.jpg 150w, https:\/\/muzej.ba\/wp-content\/uploads\/2023\/05\/2-38-600x284.jpg 600w, https:\/\/muzej.ba\/wp-content\/uploads\/2023\/05\/2-38-300x142.jpg 300w, https:\/\/muzej.ba\/wp-content\/uploads\/2023\/05\/2-38-768x364.jpg 768w\" sizes=\"auto, (max-width: 500px) 100vw, 500px\" \/>\n\t\t\t\t\t\t\t\t\t\t\t\t\t\t\t<\/a>\n\t\t\t\t\t\t\t\t\t\t\t\t<\/div>\n\t\t\t\t\t\t\t\t\t\t\t<div class=\"wd-gallery-item wd-col\">\n\t\t\t\t\t\t\t\t\t\t\t\t\t\t<a href=\"https:\/\/muzej.ba\/wp-content\/uploads\/2023\/05\/3-25.jpg\" data-elementor-open-lightbox=\"no\" data-index=\"2\" data-width=\"1024\" data-height=\"485\" \n\t\t\t\t\t\t\t\t\t\t\t\t \t\t\t\t\t\t\t\ttitle=\"3\">\n\t\t\t\t\t\t\t\t\n\t\t\t\t\t\t\t\t<img loading=\"lazy\" decoding=\"async\" width=\"500\" height=\"237\" src=\"https:\/\/muzej.ba\/wp-content\/uploads\/2023\/05\/3-25.jpg\" class=\"wd-gallery-image image-2\" alt=\"\" srcset=\"https:\/\/muzej.ba\/wp-content\/uploads\/2023\/05\/3-25.jpg 1024w, https:\/\/muzej.ba\/wp-content\/uploads\/2023\/05\/3-25-150x71.jpg 150w, https:\/\/muzej.ba\/wp-content\/uploads\/2023\/05\/3-25-600x284.jpg 600w, https:\/\/muzej.ba\/wp-content\/uploads\/2023\/05\/3-25-300x142.jpg 300w, https:\/\/muzej.ba\/wp-content\/uploads\/2023\/05\/3-25-768x364.jpg 768w\" sizes=\"auto, (max-width: 500px) 100vw, 500px\" \/>\n\t\t\t\t\t\t\t\t\t\t\t\t\t\t\t<\/a>\n\t\t\t\t\t\t\t\t\t\t\t\t<\/div>\n\t\t\t\t\t\t\t\t\t\n\t\t\t\t\t\t\t<\/div>\n\n\t\t\t\t\t<\/div>\n\t\t\t\t<div id=\"wd-653f8effb84e5\" class=\"wd-text-block wd-wpb reset-last-child wd-rs-653f8effb84e5 text-left vc_custom_1698664198922\">\n\t\t\t<p><span style=\"font-weight: 400;\">Who were the pioneers and actors of Bosnian cinema? Under what circumstances were films produced in Bosnia and Herzegovina? What topics did the filmmakers cover? How was a film made? These are some of the questions through which the exhibition <\/span><i><span style=\"font-weight: 400;\">Every Day in Every Aspect I am\/We are Progressing More and More?<\/span><\/i> <i><span style=\"font-weight: 400;\">Bosnian and Herzegovinian Cinematography from 1947 to 1992<\/span><\/i><span style=\"font-weight: 400;\"> seeks to create a platform for dialogue about the rich film heritage of Bosnia and Herzegovina. This is also our contribution to the establishment and development of the future Film Museum of Bosnia and Herzegovina. The exhibition was realized in collaboration with the Sarajevo Film Center.<\/span><\/p>\n\t\t<\/div>\n\t\t\n\t\t<div id=\"wd-653f8f04cfd39\" class=\"title-wrapper wd-wpb wd-set-mb reset-last-child  wd-rs-653f8f04cfd39 wd-title-color-default wd-title-style-default text-left post_single_subtitle  wd-underline-colored\">\n\t\t\t\n\t\t\t<div class=\"liner-continer\">\n\t\t\t\t<h3 class=\"woodmart-title-container title  wd-font-weight- wd-fontsize-l\" >Exhibition curators<\/h3>\n\t\t\t\t\t\t\t<\/div>\n\t\t\t\n\t\t\t\n\t\t\t\n\t\t<\/div>\n\t\t\n\t\t\t\t<div id=\"wd-645a5126558e2\" class=\"wd-text-block wd-wpb reset-last-child wd-rs-645a5126558e2 text-left \">\n\t\t\t<p><span style=\"font-weight: 400;\">Elma Hod\u017ei\u0107, Tijana Kri\u017eanovi\u0107 i Elma Ha\u0161imbegovi\u0107<\/span><\/p>\n\t\t<\/div>\n\t\t\n\t\t<div id=\"wd-653f8f0eb0978\" class=\"title-wrapper wd-wpb wd-set-mb reset-last-child  wd-rs-653f8f0eb0978 wd-title-color-default wd-title-style-default text-left post_single_subtitle  wd-underline-colored\">\n\t\t\t\n\t\t\t<div class=\"liner-continer\">\n\t\t\t\t<h3 class=\"woodmart-title-container title  wd-font-weight- wd-fontsize-l\" >Design<\/h3>\n\t\t\t\t\t\t\t<\/div>\n\t\t\t\n\t\t\t\n\t\t\t\n\t\t<\/div>\n\t\t\n\t\t\t\t<div id=\"wd-6461ef8b8ebc2\" class=\"wd-text-block wd-wpb reset-last-child wd-rs-6461ef8b8ebc2 text-left  museum_single_last_text\">\n\t\t\t<p><span style=\"font-weight: 400;\">Enida Delimustafi\u0107<\/span><\/p>\n\t\t<\/div>\n\t\t\t\t<div id=\"wd-6461ef7da5e2f\" class=\"wd-text-block wd-wpb reset-last-child wd-rs-6461ef7da5e2f text-left  museum_post_nav\">\n\t\t\t<div class=\"wd-page-nav\"><div class=\"wd-page-nav-btn prev-btn\"><a href=\"https:\/\/muzej.ba\/en\/evrovizion\/\" rel=\"prev\"><span class=\"wd-label\">Starije<\/span><span class=\"wd-entities-title\">Eurovizion<\/span><span class=\"wd-page-nav-icon\"><\/span><\/a><\/div><a href=\"\" class=\"back-to-archive wd-tooltip category-link-wrapper-filip\" data-original-title=\"\" title=\"\">Povratak na kategorju<\/a><div class=\"wd-page-nav-btn next-btn\"><a href=\"https:\/\/muzej.ba\/en\/wake-up-europe-mobilizacije-podrske-i-solidarnosti-za-bosnu-i-hercegovinu-i-njene-gradane-tokom-rata-1992-1995\/\" rel=\"next\"><span class=\"wd-label\">Novije<\/span><span class=\"wd-entities-title\">Wake Up Europe! &#8211; Mobilization of Support and Solidarity for Bosnia and Herzegovina and Its Citizens During the 1992-1995 War<\/span><span class=\"wd-page-nav-icon\"><\/span><\/a><\/div><\/div>\n\t\t<\/div>\n\t\t[\/vc_column][\/vc_row]<\/p>\n<\/div>","protected":false},"excerpt":{"rendered":"<p>[vc_row][vc_column][\/vc_column][\/vc_row]<\/p>\n","protected":false},"author":4,"featured_media":1386,"comment_status":"closed","ping_status":"open","sticky":false,"template":"","format":"standard","meta":{"footnotes":""},"categories":[35],"tags":[],"class_list":["post-1675","post","type-post","status-publish","format-standard","has-post-thumbnail","hentry","category-arhiv-izlozbi-en"],"_links":{"self":[{"href":"https:\/\/muzej.ba\/en\/wp-json\/wp\/v2\/posts\/1675","targetHints":{"allow":["GET"]}}],"collection":[{"href":"https:\/\/muzej.ba\/en\/wp-json\/wp\/v2\/posts"}],"about":[{"href":"https:\/\/muzej.ba\/en\/wp-json\/wp\/v2\/types\/post"}],"author":[{"embeddable":true,"href":"https:\/\/muzej.ba\/en\/wp-json\/wp\/v2\/users\/4"}],"replies":[{"embeddable":true,"href":"https:\/\/muzej.ba\/en\/wp-json\/wp\/v2\/comments?post=1675"}],"version-history":[{"count":3,"href":"https:\/\/muzej.ba\/en\/wp-json\/wp\/v2\/posts\/1675\/revisions"}],"predecessor-version":[{"id":1678,"href":"https:\/\/muzej.ba\/en\/wp-json\/wp\/v2\/posts\/1675\/revisions\/1678"}],"wp:featuredmedia":[{"embeddable":true,"href":"https:\/\/muzej.ba\/en\/wp-json\/wp\/v2\/media\/1386"}],"wp:attachment":[{"href":"https:\/\/muzej.ba\/en\/wp-json\/wp\/v2\/media?parent=1675"}],"wp:term":[{"taxonomy":"category","embeddable":true,"href":"https:\/\/muzej.ba\/en\/wp-json\/wp\/v2\/categories?post=1675"},{"taxonomy":"post_tag","embeddable":true,"href":"https:\/\/muzej.ba\/en\/wp-json\/wp\/v2\/tags?post=1675"}],"curies":[{"name":"wp","href":"https:\/\/api.w.org\/{rel}","templated":true}]}}