{"id":1689,"date":"2023-05-09T13:38:52","date_gmt":"2023-05-09T13:38:52","guid":{"rendered":"https:\/\/muzej.doc.ba\/uncategorized\/a-onda-odjeknu-onaj-pucanj-u-sarajevu-bosna-i-hercegovina-i-prvi-svjetski-rat\/"},"modified":"2023-10-30T11:16:32","modified_gmt":"2023-10-30T11:16:32","slug":"a-onda-odjeknu-onaj-pucanj-u-sarajevu-bosna-i-hercegovina-i-prvi-svjetski-rat","status":"publish","type":"post","link":"https:\/\/muzej.ba\/en\/a-onda-odjeknu-onaj-pucanj-u-sarajevu-bosna-i-hercegovina-i-prvi-svjetski-rat\/","title":{"rendered":"&#8220;And Then That Shot Rang Out in Sarajevo&#8230;&#8221;: Bosnia and Herzegovina and the Great War&#8221;"},"content":{"rendered":"<div class=\"wpb-content-wrapper\"><p>[vc_row][vc_column]\t\t<div id=\"wd-645a4cce5ea96\" class=\"wd-image wd-wpb wd-rs-645a4cce5ea96 text-left  photoswipe-images\">\n\t\t\t\t\t\t\t<a href=\"https:\/\/muzej.ba\/wp-content\/uploads\/2023\/05\/1-33.jpg\"  data-width=\"1024\" data-height=\"788\">\n\t\t\t\n\t\t\t<img loading=\"lazy\" decoding=\"async\" width=\"800\" height=\"533\" src=\"https:\/\/muzej.ba\/wp-content\/uploads\/2023\/05\/1-33-800x533.jpg\" class=\"attachment-800x533 size-800x533\" alt=\"\" \/>\n\t\t\t\t\t\t\t<\/a>\n\t\t\t\t\t<\/div>\n\t\t\t\t<div id=\"wd-653f90571bf43\" class=\"wd-text-block wd-wpb reset-last-child wd-rs-653f90571bf43 text-left vc_custom_1698664543644\">\n\t\t\t<p><span style=\"font-weight: 400;\">To commemorate the centenary of the start of the Great War, the History Museum of Bosnia and Herzegovina prepared the exhibition <\/span><i><span style=\"font-weight: 400;\">And Then that Shot Rang out in Sarajevo&#8230;&#8221;: Bosnia and Herzegovina and the Great War<\/span><\/i><span style=\"font-weight: 400;\">. Through documents, archival and newspaper material, photographs and other items, the exhibition speaks about Sarajevo, Bosnia and Herzegovina and Europe in the period from 1914 to 1918. The exhibition is part of the <\/span><i><span style=\"font-weight: 400;\">Connecting Creatively<\/span><\/i><span style=\"font-weight: 400;\"> program implemented by the British Council in Bosnia and Herzegovina, and as part of the <\/span><i><span style=\"font-weight: 400;\">Sarajevo 2014<\/span><\/i><span style=\"font-weight: 400;\"> program funded by the EU to commemorate the 100th anniversary of the Great War. In addition to Sarajevo, the exhibition was presented in Livno, Tuzla, Banja Luka, and Zenica. Workshops were also held for curators, teachers and students with the aim of improving cooperation between schools and museums.<\/span><\/p>\n\t\t<\/div>\n\t\t\t\t<div id=\"gallery_324\" class=\"wd-images-gallery wd-wpb wd-rs-645a4cda1e87b photoswipe-images\" style=\"--wd-justify-content:center;--wd-align-items:center;\">\n\t\t\t\n\t\t\t<div class=\" wd-grid-g\" style=\"--wd-col-lg:1;--wd-col-md:1;--wd-col-sm:1;--wd-gap-lg:30px;--wd-gap-sm:10px;\">\n\t\t\t\t\n\t\t\t\t\t\t\t\t\t\t\t\t\t\t\t<div class=\"wd-gallery-item wd-col\">\n\t\t\t\t\t\t\t\t\t\t\t\t\t\t<a href=\"https:\/\/muzej.ba\/wp-content\/uploads\/2023\/05\/2-34.jpg\" data-elementor-open-lightbox=\"no\" data-index=\"1\" data-width=\"1024\" data-height=\"758\" \n\t\t\t\t\t\t\t\t\t\t\t\t \t\t\t\t\t\t\t\ttitle=\"2\">\n\t\t\t\t\t\t\t\t\n\t\t\t\t\t\t\t\t<img loading=\"lazy\" decoding=\"async\" width=\"500\" height=\"600\" src=\"https:\/\/muzej.ba\/wp-content\/uploads\/2023\/05\/2-34-500x600.jpg\" class=\"wd-gallery-image image-1\" alt=\"\" \/>\n\t\t\t\t\t\t\t\t\t\t\t\t\t\t\t<\/a>\n\t\t\t\t\t\t\t\t\t\t\t\t<\/div>\n\t\t\t\t\t\t\t\t\t\n\t\t\t\t\t\t\t<\/div>\n\n\t\t\t\t\t<\/div>\n\t\t\n\t\t<div id=\"wd-653f905edde32\" class=\"title-wrapper wd-wpb wd-set-mb reset-last-child  wd-rs-653f905edde32 wd-title-color-default wd-title-style-default text-left post_single_subtitle  wd-underline-colored\">\n\t\t\t\n\t\t\t<div class=\"liner-continer\">\n\t\t\t\t<h3 class=\"woodmart-title-container title  wd-font-weight- wd-fontsize-l\" >Exhibition curators<\/h3>\n\t\t\t\t\t\t\t<\/div>\n\t\t\t\n\t\t\t\n\t\t\t\n\t\t<\/div>\n\t\t\n\t\t\t\t<div id=\"wd-645a4c59a19cd\" class=\"wd-text-block wd-wpb reset-last-child wd-rs-645a4c59a19cd text-left \">\n\t\t\t<p><span style=\"font-weight: 400;\">Elma Ha\u0161imbegovi\u0107<\/span><\/p>\n\t\t<\/div>\n\t\t\n\t\t<div id=\"wd-653f907661257\" class=\"title-wrapper wd-wpb wd-set-mb reset-last-child  wd-rs-653f907661257 wd-title-color-default wd-title-style-default text-left post_single_subtitle  wd-underline-colored\">\n\t\t\t\n\t\t\t<div class=\"liner-continer\">\n\t\t\t\t<h3 class=\"woodmart-title-container title  wd-font-weight- wd-fontsize-l\" >Design<\/h3>\n\t\t\t\t\t\t\t<\/div>\n\t\t\t\n\t\t\t\n\t\t\t\n\t\t<\/div>\n\t\t\n\t\t\t\t<div id=\"wd-653f907ea3048\" class=\"wd-text-block wd-wpb reset-last-child wd-rs-653f907ea3048 text-left  museum_single_last_text\">\n\t\t\t<p><span style=\"font-weight: 400;\">Josip Lovrenovi\u0107 and Selma Kara\u010devi\u0107 Kapi\u0107<\/span><\/p>\n\t\t<\/div>\n\t\t\t\t<div id=\"wd-6461eecb285a1\" class=\"wd-text-block wd-wpb reset-last-child wd-rs-6461eecb285a1 text-left \">\n\t\t\t<div class=\"wd-page-nav\"><div class=\"wd-page-nav-btn prev-btn\"><a href=\"https:\/\/muzej.ba\/en\/kako-sacuvati-cjlovitu-i-multietnicku-bih-predsjednistvo-rbih-1992-1995\/\" rel=\"prev\"><span class=\"wd-label\">Starije<\/span><span class=\"wd-entities-title\">How to Preserve an Integrated and Multi-Ethnic Bosnia and Herzegovina? Presidency of the Republic of Bosnia and Herzegovina 1992-1995<\/span><span class=\"wd-page-nav-icon\"><\/span><\/a><\/div><a href=\"\" class=\"back-to-archive wd-tooltip category-link-wrapper-filip\" data-original-title=\"\" title=\"\">Povratak na kategorju<\/a><div class=\"wd-page-nav-btn next-btn\"><a href=\"https:\/\/muzej.ba\/en\/77-million-paintings-brian-eno\/\" rel=\"next\"><span class=\"wd-label\">Novije<\/span><span class=\"wd-entities-title\">77 Million paintings\/Brian Eno<\/span><span class=\"wd-page-nav-icon\"><\/span><\/a><\/div><\/div>\n\t\t<\/div>\n\t\t[\/vc_column][\/vc_row]<\/p>\n<\/div>","protected":false},"excerpt":{"rendered":"<p>[vc_row][vc_column][\/vc_column][\/vc_row]<\/p>\n","protected":false},"author":4,"featured_media":1376,"comment_status":"closed","ping_status":"open","sticky":false,"template":"","format":"standard","meta":{"footnotes":""},"categories":[35],"tags":[],"class_list":["post-1689","post","type-post","status-publish","format-standard","has-post-thumbnail","hentry","category-arhiv-izlozbi-en"],"_links":{"self":[{"href":"https:\/\/muzej.ba\/en\/wp-json\/wp\/v2\/posts\/1689","targetHints":{"allow":["GET"]}}],"collection":[{"href":"https:\/\/muzej.ba\/en\/wp-json\/wp\/v2\/posts"}],"about":[{"href":"https:\/\/muzej.ba\/en\/wp-json\/wp\/v2\/types\/post"}],"author":[{"embeddable":true,"href":"https:\/\/muzej.ba\/en\/wp-json\/wp\/v2\/users\/4"}],"replies":[{"embeddable":true,"href":"https:\/\/muzej.ba\/en\/wp-json\/wp\/v2\/comments?post=1689"}],"version-history":[{"count":3,"href":"https:\/\/muzej.ba\/en\/wp-json\/wp\/v2\/posts\/1689\/revisions"}],"predecessor-version":[{"id":1692,"href":"https:\/\/muzej.ba\/en\/wp-json\/wp\/v2\/posts\/1689\/revisions\/1692"}],"wp:featuredmedia":[{"embeddable":true,"href":"https:\/\/muzej.ba\/en\/wp-json\/wp\/v2\/media\/1376"}],"wp:attachment":[{"href":"https:\/\/muzej.ba\/en\/wp-json\/wp\/v2\/media?parent=1689"}],"wp:term":[{"taxonomy":"category","embeddable":true,"href":"https:\/\/muzej.ba\/en\/wp-json\/wp\/v2\/categories?post=1689"},{"taxonomy":"post_tag","embeddable":true,"href":"https:\/\/muzej.ba\/en\/wp-json\/wp\/v2\/tags?post=1689"}],"curies":[{"name":"wp","href":"https:\/\/api.w.org\/{rel}","templated":true}]}}