{"id":1693,"date":"2023-05-09T13:34:46","date_gmt":"2023-05-09T13:34:46","guid":{"rendered":"https:\/\/muzej.doc.ba\/uncategorized\/kako-sacuvati-cjlovitu-i-multietnicku-bih-predsjednistvo-rbih-1992-1995\/"},"modified":"2023-10-30T11:18:35","modified_gmt":"2023-10-30T11:18:35","slug":"kako-sacuvati-cjlovitu-i-multietnicku-bih-predsjednistvo-rbih-1992-1995","status":"publish","type":"post","link":"https:\/\/muzej.ba\/en\/kako-sacuvati-cjlovitu-i-multietnicku-bih-predsjednistvo-rbih-1992-1995\/","title":{"rendered":"How to Preserve an Integrated and Multi-Ethnic Bosnia and Herzegovina? Presidency of the Republic of Bosnia and Herzegovina 1992-1995"},"content":{"rendered":"<div class=\"wpb-content-wrapper\"><p>[vc_row][vc_column]\t\t<div id=\"wd-645a4bd4779f6\" class=\"wd-image wd-wpb wd-rs-645a4bd4779f6 text-left  photoswipe-images\">\n\t\t\t\t\t\t\t<a href=\"https:\/\/muzej.ba\/wp-content\/uploads\/2023\/05\/1-32.jpg\"  data-width=\"1024\" data-height=\"685\">\n\t\t\t\n\t\t\t<img loading=\"lazy\" decoding=\"async\" width=\"800\" height=\"533\" src=\"https:\/\/muzej.ba\/wp-content\/uploads\/2023\/05\/1-32-800x533.jpg\" class=\"attachment-800x533 size-800x533\" alt=\"\" \/>\n\t\t\t\t\t\t\t<\/a>\n\t\t\t\t\t<\/div>\n\t\t\t\t<div id=\"wd-653f90e1e79a8\" class=\"wd-text-block wd-wpb reset-last-child wd-rs-653f90e1e79a8 text-left vc_custom_1698664681552\">\n\t\t\t<p><span style=\"font-weight: 400;\">Through historical sources, minutes and resolutions, transcripts of conversations held at sittings and sessions, from April 1992 until the end of the war, the exhibition shows how, after the declaration of the state of war, the Presidency of the Republic of Bosnia and Herzegovina assumed a key role in conducting official policy and became the most important institution in the internationally recognized Republic of Bosnia and Herzegovina. The first RBiH flag that hung above the main entrance to the Presidency Building is on display at the exhibition, the damage to which shows the extent of the shelling of the building itself. A satellite phone from the museum&#8217;s collection is also on exhibit &#8211; the Presidency&#8217;s only communication with the rest of the world during the first months of the war. The museum was entrusted with a substantial number of documents and items from private archives for their presentation at the exhibition, such as lesser-known photographs of the Presidency Building, documents from peace negotiations, as well as personal memorabilia of members of the Presidency from such meetings. An English copy of the peace agreement signed in Dayton, USA, on the basis of which peace was established in Bosnia and Herzegovina, is presented to the public for the first time, as well as the map with which the delegation of the Republic of Croatia entered these negotiations.<\/span><\/p>\n\t\t<\/div>\n\t\t\t\t<div id=\"gallery_142\" class=\"wd-images-gallery wd-wpb wd-rs-645a4be1c28d9 photoswipe-images\" style=\"--wd-justify-content:center;--wd-align-items:center;\">\n\t\t\t\n\t\t\t<div class=\" wd-grid-g\" style=\"--wd-col-lg:2;--wd-col-md:2;--wd-col-sm:1;--wd-gap-lg:30px;--wd-gap-sm:10px;\">\n\t\t\t\t\n\t\t\t\t\t\t\t\t\t\t\t\t\t\t\t<div class=\"wd-gallery-item wd-col\">\n\t\t\t\t\t\t\t\t\t\t\t\t\t\t<a href=\"https:\/\/muzej.ba\/wp-content\/uploads\/2023\/05\/2-33.jpg\" data-elementor-open-lightbox=\"no\" data-index=\"1\" data-width=\"1024\" data-height=\"685\" \n\t\t\t\t\t\t\t\t\t\t\t\t \t\t\t\t\t\t\t\ttitle=\"2\">\n\t\t\t\t\t\t\t\t\n\t\t\t\t\t\t\t\t<img loading=\"lazy\" decoding=\"async\" width=\"500\" height=\"600\" src=\"https:\/\/muzej.ba\/wp-content\/uploads\/2023\/05\/2-33-500x600.jpg\" class=\"wd-gallery-image image-1\" alt=\"\" \/>\n\t\t\t\t\t\t\t\t\t\t\t\t\t\t\t<\/a>\n\t\t\t\t\t\t\t\t\t\t\t\t<\/div>\n\t\t\t\t\t\t\t\t\t\t\t<div class=\"wd-gallery-item wd-col\">\n\t\t\t\t\t\t\t\t\t\t\t\t\t\t<a href=\"https:\/\/muzej.ba\/wp-content\/uploads\/2023\/05\/3-22.jpg\" data-elementor-open-lightbox=\"no\" data-index=\"2\" data-width=\"1024\" data-height=\"685\" \n\t\t\t\t\t\t\t\t\t\t\t\t \t\t\t\t\t\t\t\ttitle=\"3\">\n\t\t\t\t\t\t\t\t\n\t\t\t\t\t\t\t\t<img loading=\"lazy\" decoding=\"async\" width=\"500\" height=\"600\" src=\"https:\/\/muzej.ba\/wp-content\/uploads\/2023\/05\/3-22-500x600.jpg\" class=\"wd-gallery-image image-2\" alt=\"\" \/>\n\t\t\t\t\t\t\t\t\t\t\t\t\t\t\t<\/a>\n\t\t\t\t\t\t\t\t\t\t\t\t<\/div>\n\t\t\t\t\t\t\t\t\t\n\t\t\t\t\t\t\t<\/div>\n\n\t\t\t\t\t<\/div>\n\t\t\t\t<div id=\"wd-653f90eb5bbb4\" class=\"wd-text-block wd-wpb reset-last-child wd-rs-653f90eb5bbb4 text-left vc_custom_1698664690291\">\n\t\t\t<p><span style=\"font-weight: 400;\">The exhibition was realized in cooperation with the Sarajevo Canton Ministry of Science, Higher Education and Youth.<\/span><\/p>\n\t\t<\/div>\n\t\t\n\t\t<div id=\"wd-653f90eff1b24\" class=\"title-wrapper wd-wpb wd-set-mb reset-last-child  wd-rs-653f90eff1b24 wd-title-color-default wd-title-style-default text-left post_single_subtitle  wd-underline-colored\">\n\t\t\t\n\t\t\t<div class=\"liner-continer\">\n\t\t\t\t<h3 class=\"woodmart-title-container title  wd-font-weight- wd-fontsize-l\" >Exhibition curators<\/h3>\n\t\t\t\t\t\t\t<\/div>\n\t\t\t\n\t\t\t\n\t\t\t\n\t\t<\/div>\n\t\t\n\t\t\t\t<div id=\"wd-653f90fa92e6a\" class=\"wd-text-block wd-wpb reset-last-child wd-rs-653f90fa92e6a text-left  museum_single_last_text\">\n\t\t\t<p><span style=\"font-weight: 400;\">Dina Memi\u0107 and Elma Ha\u0161imbegovi\u0107<\/span><\/p>\n\t\t<\/div>\n\t\t\t\t<div id=\"wd-6461ee8c34865\" class=\"wd-text-block wd-wpb reset-last-child wd-rs-6461ee8c34865 text-left  museum_post_nav\">\n\t\t\t<div class=\"wd-page-nav\"><div class=\"wd-page-nav-btn prev-btn\"><a href=\"https:\/\/muzej.ba\/en\/was-ist-kunst-bosnia-and-herzegovina-heroji-1941-1945-irwin\/\" rel=\"prev\"><span class=\"wd-label\">Starije<\/span><span class=\"wd-entities-title\">WAS IST KUNST BOSNIA AND HERZEGOVINA? HEROES 1941-1945 \/ IRWIN<\/span><span class=\"wd-page-nav-icon\"><\/span><\/a><\/div><a href=\"\" class=\"back-to-archive wd-tooltip category-link-wrapper-filip\" data-original-title=\"\" title=\"\">Povratak na kategorju<\/a><div class=\"wd-page-nav-btn next-btn\"><a href=\"https:\/\/muzej.ba\/en\/a-onda-odjeknu-onaj-pucanj-u-sarajevu-bosna-i-hercegovina-i-prvi-svjetski-rat\/\" rel=\"next\"><span class=\"wd-label\">Novije<\/span><span class=\"wd-entities-title\">&#8220;And Then That Shot Rang Out in Sarajevo&#8230;&#8221;: Bosnia and Herzegovina and the Great War&#8221;<\/span><span class=\"wd-page-nav-icon\"><\/span><\/a><\/div><\/div>\n\t\t<\/div>\n\t\t[\/vc_column][\/vc_row]<\/p>\n<\/div>","protected":false},"excerpt":{"rendered":"<p>[vc_row][vc_column][\/vc_column][\/vc_row]<\/p>\n","protected":false},"author":4,"featured_media":1373,"comment_status":"closed","ping_status":"open","sticky":false,"template":"","format":"standard","meta":{"footnotes":""},"categories":[35],"tags":[],"class_list":["post-1693","post","type-post","status-publish","format-standard","has-post-thumbnail","hentry","category-arhiv-izlozbi-en"],"_links":{"self":[{"href":"https:\/\/muzej.ba\/en\/wp-json\/wp\/v2\/posts\/1693","targetHints":{"allow":["GET"]}}],"collection":[{"href":"https:\/\/muzej.ba\/en\/wp-json\/wp\/v2\/posts"}],"about":[{"href":"https:\/\/muzej.ba\/en\/wp-json\/wp\/v2\/types\/post"}],"author":[{"embeddable":true,"href":"https:\/\/muzej.ba\/en\/wp-json\/wp\/v2\/users\/4"}],"replies":[{"embeddable":true,"href":"https:\/\/muzej.ba\/en\/wp-json\/wp\/v2\/comments?post=1693"}],"version-history":[{"count":2,"href":"https:\/\/muzej.ba\/en\/wp-json\/wp\/v2\/posts\/1693\/revisions"}],"predecessor-version":[{"id":1695,"href":"https:\/\/muzej.ba\/en\/wp-json\/wp\/v2\/posts\/1693\/revisions\/1695"}],"wp:featuredmedia":[{"embeddable":true,"href":"https:\/\/muzej.ba\/en\/wp-json\/wp\/v2\/media\/1373"}],"wp:attachment":[{"href":"https:\/\/muzej.ba\/en\/wp-json\/wp\/v2\/media?parent=1693"}],"wp:term":[{"taxonomy":"category","embeddable":true,"href":"https:\/\/muzej.ba\/en\/wp-json\/wp\/v2\/categories?post=1693"},{"taxonomy":"post_tag","embeddable":true,"href":"https:\/\/muzej.ba\/en\/wp-json\/wp\/v2\/tags?post=1693"}],"curies":[{"name":"wp","href":"https:\/\/api.w.org\/{rel}","templated":true}]}}