{"id":1703,"date":"2023-05-09T10:00:18","date_gmt":"2023-05-09T10:00:18","guid":{"rendered":"https:\/\/muzej.doc.ba\/uncategorized\/zapis-o-marian-wenzel\/"},"modified":"2023-10-30T11:30:48","modified_gmt":"2023-10-30T11:30:48","slug":"zapis-o-marian-wenzel","status":"publish","type":"post","link":"https:\/\/muzej.ba\/en\/zapis-o-marian-wenzel\/","title":{"rendered":"Note on Marian Wenzel"},"content":{"rendered":"<div class=\"wpb-content-wrapper\"><p>[vc_row el_id=&#8221;museum_single_post&#8221; woodmart_css_id=&#8221;645f67730ccad&#8221; responsive_spacing=&#8221;eyJwYXJhbV90eXBlIjoid29vZG1hcnRfcmVzcG9uc2l2ZV9zcGFjaW5nIiwic2VsZWN0b3JfaWQiOiI2NDVmNjc3MzBjY2FkIiwic2hvcnRjb2RlIjoidmNfcm93IiwiZGF0YSI6eyJ0YWJsZXQiOnt9LCJtb2JpbGUiOnt9fX0=&#8221; mobile_bg_img_hidden=&#8221;no&#8221; tablet_bg_img_hidden=&#8221;no&#8221; woodmart_parallax=&#8221;0&#8243; woodmart_gradient_switch=&#8221;no&#8221; woodmart_box_shadow=&#8221;no&#8221; wd_z_index=&#8221;no&#8221; woodmart_disable_overflow=&#8221;0&#8243; row_reverse_mobile=&#8221;0&#8243; row_reverse_tablet=&#8221;0&#8243;][vc_column]\t\t<div id=\"wd-645a489daa845\" class=\"wd-image wd-wpb wd-rs-645a489daa845 text-left  photoswipe-images\">\n\t\t\t\t\t\t\t<a href=\"https:\/\/muzej.ba\/wp-content\/uploads\/2023\/05\/1-29.jpg\"  data-width=\"1024\" data-height=\"768\">\n\t\t\t\n\t\t\t<img loading=\"lazy\" decoding=\"async\" width=\"800\" height=\"533\" src=\"https:\/\/muzej.ba\/wp-content\/uploads\/2023\/05\/1-29-800x533.jpg\" class=\"attachment-800x533 size-800x533\" alt=\"\" \/>\n\t\t\t\t\t\t\t<\/a>\n\t\t\t\t\t<\/div>\n\t\t\t\t<div id=\"wd-653f93c5b38b0\" class=\"wd-text-block wd-wpb reset-last-child wd-rs-653f93c5b38b0 text-left vc_custom_1698665420779\">\n\t\t\t<p><span style=\"font-weight: 400;\">The story of art historian Marian Wenzel, one of the most important researchers of Bosnian medieval art (especially of ste\u0107ci \u2013 often classified as tombstones), is a reminder of the importance of studying and preserving heritage, so the exhibition <\/span><i><span style=\"font-weight: 400;\">Note on Marian Wenzel<\/span><\/i><span style=\"font-weight: 400;\"> is symbolically placed in the space of continuous search for stories from the past: in the reading room of the museum. Drawings, photographs and diaries from the field are a valuable record not only of the ste\u0107ci, but also of the people and surrounding regions in the 1960s. This exhibition, interwoven with fragments from the museum archive, is a historical record of a time and a small window onto the rich, enchanting world of Marian Wenzel &#8211; a world in which the cultural and historical heritage of Bosnia and Herzegovina occupied an important place. The exhibition is also a way of expressing gratitude to Marian Wenzel, a woman who took a multidisciplinary approach in her research as an art historian, approached art as a painter and writer, and in her humanitarian work was a true fighter for human rights and a more humane world.<\/span><\/p>\n\t\t<\/div>\n\t\t\t\t<div id=\"gallery_138\" class=\"wd-images-gallery wd-wpb wd-rs-645f66f3bf00e photoswipe-images\" style=\"--wd-justify-content:center;--wd-align-items:center;\">\n\t\t\t\n\t\t\t<div class=\" wd-grid-g\" style=\"--wd-col-lg:1;--wd-col-md:1;--wd-col-sm:1;--wd-gap-lg:30px;--wd-gap-sm:10px;\">\n\t\t\t\t\n\t\t\t\t\t\t\t\t\t\t\t\t\t\t\t<div class=\"wd-gallery-item wd-col\">\n\t\t\t\t\t\t\t\t\t\t\t\t\t\t<a href=\"https:\/\/muzej.ba\/wp-content\/uploads\/2023\/05\/2-30.jpg\" data-elementor-open-lightbox=\"no\" data-index=\"1\" data-width=\"1024\" data-height=\"768\" \n\t\t\t\t\t\t\t\t\t\t\t\t \t\t\t\t\t\t\t\ttitle=\"2\">\n\t\t\t\t\t\t\t\t\n\t\t\t\t\t\t\t\t<img loading=\"lazy\" decoding=\"async\" width=\"1024\" height=\"768\" src=\"https:\/\/muzej.ba\/wp-content\/uploads\/2023\/05\/2-30.jpg\" class=\"wd-gallery-image image-1\" alt=\"\" srcset=\"https:\/\/muzej.ba\/wp-content\/uploads\/2023\/05\/2-30.jpg 1024w, https:\/\/muzej.ba\/wp-content\/uploads\/2023\/05\/2-30-150x113.jpg 150w, https:\/\/muzej.ba\/wp-content\/uploads\/2023\/05\/2-30-600x450.jpg 600w, https:\/\/muzej.ba\/wp-content\/uploads\/2023\/05\/2-30-300x225.jpg 300w, https:\/\/muzej.ba\/wp-content\/uploads\/2023\/05\/2-30-768x576.jpg 768w\" sizes=\"auto, (max-width: 1024px) 100vw, 1024px\" \/>\n\t\t\t\t\t\t\t\t\t\t\t\t\t\t\t<\/a>\n\t\t\t\t\t\t\t\t\t\t\t\t<\/div>\n\t\t\t\t\t\t\t\t\t\n\t\t\t\t\t\t\t<\/div>\n\n\t\t\t\t\t<\/div>\n\t\t\t\t<div id=\"wd-653f93ce67586\" class=\"wd-text-block wd-wpb reset-last-child wd-rs-653f93ce67586 text-left \">\n\t\t\t<p><span style=\"font-weight: 400;\">The exhibition was created as part of the Sarajevo History Book &#8211; Guidelines for Women Heritage project. It was realized in cooperation with the National Gallery of Bosnia and Herzegovina and the Museum of Literature and Theater Arts of Bosnia and Herzegovina. The project was supported by the US Embassy in Bosnia and Herzegovina.<\/span><\/p>\n\t\t<\/div>\n\t\t\n\t\t<div id=\"wd-653f93d3d6cb3\" class=\"title-wrapper wd-wpb wd-set-mb reset-last-child  wd-rs-653f93d3d6cb3 wd-title-color-default wd-title-style-default text-left post_single_subtitle vc_custom_1698665440185 wd-underline-colored\">\n\t\t\t\n\t\t\t<div class=\"liner-continer\">\n\t\t\t\t<h3 class=\"woodmart-title-container title  wd-font-weight- wd-fontsize-l\" >Exhibition authors<\/h3>\n\t\t\t\t\t\t\t<\/div>\n\t\t\t\n\t\t\t\n\t\t\t\n\t\t<\/div>\n\t\t\n\t\t\t\t<div id=\"wd-653f93de0442e\" class=\"wd-text-block wd-wpb reset-last-child wd-rs-653f93de0442e text-left  museum_single_last_text\">\n\t\t\t<p><span style=\"font-weight: 400;\">Elma Ha\u0161imbegovi\u0107 and Elma Hod\u017ei\u0107<\/span><\/p>\n\t\t<\/div>\n\t\t\t\t<div id=\"wd-6461ec709490e\" class=\"wd-text-block wd-wpb reset-last-child wd-rs-6461ec709490e text-left  museum_post_nav\">\n\t\t\t<div class=\"wd-page-nav\"><div class=\"wd-page-nav-btn prev-btn\"><a href=\"https:\/\/muzej.ba\/en\/foto-depo\/\" rel=\"prev\"><span class=\"wd-label\">Starije<\/span><span class=\"wd-entities-title\">Foto-Depot<\/span><span class=\"wd-page-nav-icon\"><\/span><\/a><\/div><a href=\"\" class=\"back-to-archive wd-tooltip category-link-wrapper-filip\" data-original-title=\"\" title=\"\">Povratak na kategorju<\/a><div class=\"wd-page-nav-btn next-btn\"><a href=\"https:\/\/muzej.ba\/en\/michelangelo-pistoletto-u-hmbih\/\" rel=\"next\"><span class=\"wd-label\">Novije<\/span><span class=\"wd-entities-title\">Michelangelo Pistoletto in HMBIH<\/span><span class=\"wd-page-nav-icon\"><\/span><\/a><\/div><\/div>\n\t\t<\/div>\n\t\t[\/vc_column][\/vc_row]<\/p>\n<\/div>","protected":false},"excerpt":{"rendered":"<p>[vc_row el_id=&#8221;museum_single_post&#8221; woodmart_css_id=&#8221;645f67730ccad&#8221; responsive_spacing=&#8221;eyJwYXJhbV90eXBlIjoid29vZG1hcnRfcmVzcG9uc2l2ZV9zcGFjaW5nIiwic2VsZWN0b3JfaWQiOiI2NDVmNjc3MzBjY2FkIiwic2hvcnRjb2RlIjoidmNfcm93IiwiZGF0YSI6eyJ0YWJsZXQiOnt9LCJtb2JpbGUiOnt9fX0=&#8221; mobile_bg_img_hidden=&#8221;no&#8221; tablet_bg_img_hidden=&#8221;no&#8221; woodmart_parallax=&#8221;0&#8243; woodmart_gradient_switch=&#8221;no&#8221; woodmart_box_shadow=&#8221;no&#8221; wd_z_index=&#8221;no&#8221; woodmart_disable_overflow=&#8221;0&#8243; row_reverse_mobile=&#8221;0&#8243; row_reverse_tablet=&#8221;0&#8243;][vc_column][\/vc_column][\/vc_row]<\/p>\n","protected":false},"author":4,"featured_media":1364,"comment_status":"closed","ping_status":"open","sticky":false,"template":"","format":"standard","meta":{"footnotes":""},"categories":[36],"tags":[],"class_list":["post-1703","post","type-post","status-publish","format-standard","has-post-thumbnail","hentry","category-stalne-postavke-en"],"_links":{"self":[{"href":"https:\/\/muzej.ba\/en\/wp-json\/wp\/v2\/posts\/1703","targetHints":{"allow":["GET"]}}],"collection":[{"href":"https:\/\/muzej.ba\/en\/wp-json\/wp\/v2\/posts"}],"about":[{"href":"https:\/\/muzej.ba\/en\/wp-json\/wp\/v2\/types\/post"}],"author":[{"embeddable":true,"href":"https:\/\/muzej.ba\/en\/wp-json\/wp\/v2\/users\/4"}],"replies":[{"embeddable":true,"href":"https:\/\/muzej.ba\/en\/wp-json\/wp\/v2\/comments?post=1703"}],"version-history":[{"count":2,"href":"https:\/\/muzej.ba\/en\/wp-json\/wp\/v2\/posts\/1703\/revisions"}],"predecessor-version":[{"id":1705,"href":"https:\/\/muzej.ba\/en\/wp-json\/wp\/v2\/posts\/1703\/revisions\/1705"}],"wp:featuredmedia":[{"embeddable":true,"href":"https:\/\/muzej.ba\/en\/wp-json\/wp\/v2\/media\/1364"}],"wp:attachment":[{"href":"https:\/\/muzej.ba\/en\/wp-json\/wp\/v2\/media?parent=1703"}],"wp:term":[{"taxonomy":"category","embeddable":true,"href":"https:\/\/muzej.ba\/en\/wp-json\/wp\/v2\/categories?post=1703"},{"taxonomy":"post_tag","embeddable":true,"href":"https:\/\/muzej.ba\/en\/wp-json\/wp\/v2\/tags?post=1703"}],"curies":[{"name":"wp","href":"https:\/\/api.w.org\/{rel}","templated":true}]}}